{"id":2564,"date":"2026-01-22T14:06:55","date_gmt":"2026-01-22T19:06:55","guid":{"rendered":"https:\/\/latetechercheuse.com\/?p=2564"},"modified":"2026-03-28T13:26:12","modified_gmt":"2026-03-28T17:26:12","slug":"episode-9-bill-27-a-lever-for-collective-well-being","status":"publish","type":"post","link":"https:\/\/latetechercheuse.com\/en\/episode-9-bill-27-a-lever-for-collective-well-being\/","title":{"rendered":"Episode 9 \u2013 Bill 27: A Lever for Collective Well-Being"},"content":{"rendered":"\n<p>58% of Canadian workers say they experience high levels of stress at work\u2014well above the global average (40%).<\/p>\n\n\n\n<p><\/p>\n\n\n\n<p><\/p>\n\n\n\n<p>A striking figure that takes on even greater meaning in light of the reform of Bill 27, which now requires employers to integrate mental health into their prevention mechanisms.<\/p>\n\n\n\n<p><\/p>\n\n\n\n<p><\/p>\n\n\n\n<p>In this episode, Elisabeth Starenkyj and Alexandre X. Comtois, welcome Mika\u00ebl Maher, Partner at Fasken, who breaks down the legal implications of Bill 27, along with Eric Girard, Co-founder of ent\u00eate \u2013 headfirst, who shares practical strategies to reduce psychosocial risks.<\/p>\n\n\n\n<p><\/p>\n\n\n\n<p><\/p>\n\n\n\n<p><strong>Topics discussed include:<\/strong><\/p>\n\n\n\n<p>\u2714\ufe0f New legal obligations related to mental health;<\/p>\n\n\n\n<p>\u2714\ufe0f Psychosocial risks to identify and control;<\/p>\n\n\n\n<p>\u2714\ufe0f Levers to build a coherent culture, where prevention goes beyond mere compliance.<\/p>\n\n\n\n<p><\/p>\n\n\n\n<p><\/p>\n\n\n\n<p><strong>A question for you:<\/strong><\/p>\n\n\n\n<p>What concrete actions can truly reduce workplace stress\u2014without turning Bill 27 into a simple compliance exercise?<\/p>\n\n\n\n<p><\/p>\n\n\n\n<p><\/p>\n\n\n\n<p><strong>Listen now:<\/strong><\/p>\n\n\n\n<p><a href=\"https:\/\/lnkd.in\/g4-7FXGj\">Spotify<\/a><\/p>\n\n\n\n<p><a href=\"https:\/\/lnkd.in\/ehbPtbwC\">Apple Podcast<\/a><\/p>\n\n\n\n<p><\/p>\n\n\n\n<p><\/p>\n\n\n\n<p><strong>To go further:<\/strong> explore official information on psychological health at work and the obligations set out in Bill 27 on the <a href=\"https:\/\/lnkd.in\/dPSgu_nV\" type=\"link\" id=\"https:\/\/lnkd.in\/dPSgu_nV\">CNESST website<\/a>. <\/p>\n","protected":false},"excerpt":{"rendered":"<p>With Mika\u00ebl Maher, Partner at Fasken, and Eric Girard, Co-founder of ent\u00eate \u2013 headfirst.<\/p>\n","protected":false},"author":7,"featured_media":2563,"comment_status":"closed","ping_status":"open","sticky":false,"template":"","format":"standard","meta":{"_acf_changed":false,"_monsterinsights_skip_tracking":false,"_monsterinsights_sitenote_active":false,"_monsterinsights_sitenote_note":"","_monsterinsights_sitenote_category":0,"footnotes":""},"categories":[47],"tags":[],"class_list":{"2":"type-post","6":"hentry"},"acf":[],"yoast_head":"<!-- This site is optimized with the Yoast SEO Premium plugin v27.4 (Yoast SEO v27.5) - https:\/\/yoast.com\/product\/yoast-seo-premium-wordpress\/ -->\n<title>Episode 9 \u2013 Bill 27: A Lever for Collective Well-Being - La T\u00eate Chercheuse<\/title>\n<meta name=\"description\" content=\"With Mika\u00ebl Maher, Partner at Fasken, and Eric Girard, Co-founder of ent\u00eate \u2013 headfirst.\" \/>\n<meta name=\"robots\" content=\"index, follow, max-snippet:-1, max-image-preview:large, max-video-preview:-1\" \/>\n<link rel=\"canonical\" href=\"https:\/\/latetechercheuse.com\/en\/episode-9-bill-27-a-lever-for-collective-well-being\/\" \/>\n<meta property=\"og:locale\" content=\"en_US\" \/>\n<meta property=\"og:type\" content=\"article\" \/>\n<meta property=\"og:title\" content=\"Episode 9 \u2013 Bill 27: A Lever for Collective Well-Being\" \/>\n<meta property=\"og:description\" content=\"With Mika\u00ebl Maher, Partner at Fasken, and Eric Girard, Co-founder of ent\u00eate \u2013 headfirst.\" \/>\n<meta property=\"og:url\" content=\"https:\/\/latetechercheuse.com\/en\/episode-9-bill-27-a-lever-for-collective-well-being\/\" \/>\n<meta property=\"og:site_name\" content=\"La T\u00eate Chercheuse\" \/>\n<meta property=\"article:publisher\" content=\"https:\/\/www.facebook.com\/LaTeteChercheuse\" \/>\n<meta property=\"article:published_time\" content=\"2026-01-22T19:06:55+00:00\" \/>\n<meta property=\"article:modified_time\" content=\"2026-03-28T17:26:12+00:00\" \/>\n<meta property=\"og:image\" content=\"https:\/\/latetechercheuse.com\/wp-content\/uploads\/2026\/01\/Cover-1.png\" \/>\n\t<meta property=\"og:image:width\" content=\"1838\" \/>\n\t<meta property=\"og:image:height\" content=\"1082\" \/>\n\t<meta property=\"og:image:type\" content=\"image\/png\" \/>\n<meta name=\"author\" content=\"sophie\" \/>\n<meta name=\"twitter:card\" content=\"summary_large_image\" \/>\n<meta name=\"twitter:label1\" content=\"Written by\" \/>\n\t<meta name=\"twitter:data1\" content=\"sophie\" \/>\n\t<meta name=\"twitter:label2\" content=\"Est. reading time\" \/>\n\t<meta name=\"twitter:data2\" content=\"2 minutes\" \/>\n<script type=\"application\/ld+json\" class=\"yoast-schema-graph\">{\"@context\":\"https:\\\/\\\/schema.org\",\"@graph\":[{\"@type\":\"Article\",\"@id\":\"https:\\\/\\\/latetechercheuse.com\\\/en\\\/episode-9-bill-27-a-lever-for-collective-well-being\\\/#article\",\"isPartOf\":{\"@id\":\"https:\\\/\\\/latetechercheuse.com\\\/en\\\/episode-9-bill-27-a-lever-for-collective-well-being\\\/\"},\"author\":{\"name\":\"sophie\",\"@id\":\"https:\\\/\\\/latetechercheuse.com\\\/en\\\/#\\\/schema\\\/person\\\/f1e27e15d3b721edb100afe528a712dd\"},\"headline\":\"Episode 9 \u2013 Bill 27: A Lever for Collective Well-Being\",\"datePublished\":\"2026-01-22T19:06:55+00:00\",\"dateModified\":\"2026-03-28T17:26:12+00:00\",\"mainEntityOfPage\":{\"@id\":\"https:\\\/\\\/latetechercheuse.com\\\/en\\\/episode-9-bill-27-a-lever-for-collective-well-being\\\/\"},\"wordCount\":168,\"publisher\":{\"@id\":\"https:\\\/\\\/latetechercheuse.com\\\/en\\\/#organization\"},\"image\":{\"@id\":\"https:\\\/\\\/latetechercheuse.com\\\/en\\\/episode-9-bill-27-a-lever-for-collective-well-being\\\/#primaryimage\"},\"thumbnailUrl\":\"https:\\\/\\\/latetechercheuse.com\\\/wp-content\\\/uploads\\\/2026\\\/01\\\/Cover-1.png\",\"articleSection\":[\"\\\"Parlons chiffres!\\\" Podcast\"],\"inLanguage\":\"en-US\"},{\"@type\":\"WebPage\",\"@id\":\"https:\\\/\\\/latetechercheuse.com\\\/en\\\/episode-9-bill-27-a-lever-for-collective-well-being\\\/\",\"url\":\"https:\\\/\\\/latetechercheuse.com\\\/en\\\/episode-9-bill-27-a-lever-for-collective-well-being\\\/\",\"name\":\"Episode 9 \u2013 Bill 27: A Lever for Collective Well-Being - La T\u00eate Chercheuse\",\"isPartOf\":{\"@id\":\"https:\\\/\\\/latetechercheuse.com\\\/en\\\/#website\"},\"primaryImageOfPage\":{\"@id\":\"https:\\\/\\\/latetechercheuse.com\\\/en\\\/episode-9-bill-27-a-lever-for-collective-well-being\\\/#primaryimage\"},\"image\":{\"@id\":\"https:\\\/\\\/latetechercheuse.com\\\/en\\\/episode-9-bill-27-a-lever-for-collective-well-being\\\/#primaryimage\"},\"thumbnailUrl\":\"https:\\\/\\\/latetechercheuse.com\\\/wp-content\\\/uploads\\\/2026\\\/01\\\/Cover-1.png\",\"datePublished\":\"2026-01-22T19:06:55+00:00\",\"dateModified\":\"2026-03-28T17:26:12+00:00\",\"description\":\"With Mika\u00ebl Maher, Partner at Fasken, and Eric Girard, Co-founder of ent\u00eate \u2013 headfirst.\",\"breadcrumb\":{\"@id\":\"https:\\\/\\\/latetechercheuse.com\\\/en\\\/episode-9-bill-27-a-lever-for-collective-well-being\\\/#breadcrumb\"},\"inLanguage\":\"en-US\",\"potentialAction\":[{\"@type\":\"ReadAction\",\"target\":[\"https:\\\/\\\/latetechercheuse.com\\\/en\\\/episode-9-bill-27-a-lever-for-collective-well-being\\\/\"]}]},{\"@type\":\"ImageObject\",\"inLanguage\":\"en-US\",\"@id\":\"https:\\\/\\\/latetechercheuse.com\\\/en\\\/episode-9-bill-27-a-lever-for-collective-well-being\\\/#primaryimage\",\"url\":\"https:\\\/\\\/latetechercheuse.com\\\/wp-content\\\/uploads\\\/2026\\\/01\\\/Cover-1.png\",\"contentUrl\":\"https:\\\/\\\/latetechercheuse.com\\\/wp-content\\\/uploads\\\/2026\\\/01\\\/Cover-1.png\",\"width\":1838,\"height\":1082},{\"@type\":\"BreadcrumbList\",\"@id\":\"https:\\\/\\\/latetechercheuse.com\\\/en\\\/episode-9-bill-27-a-lever-for-collective-well-being\\\/#breadcrumb\",\"itemListElement\":[{\"@type\":\"ListItem\",\"position\":1,\"name\":\"Home\",\"item\":\"https:\\\/\\\/latetechercheuse.com\\\/en\\\/\"},{\"@type\":\"ListItem\",\"position\":2,\"name\":\"Episode 9 \u2013 Bill 27: A Lever for Collective Well-Being\"}]},{\"@type\":\"WebSite\",\"@id\":\"https:\\\/\\\/latetechercheuse.com\\\/en\\\/#website\",\"url\":\"https:\\\/\\\/latetechercheuse.com\\\/en\\\/\",\"name\":\"La T\u00eate Chercheuse\",\"description\":\"\",\"publisher\":{\"@id\":\"https:\\\/\\\/latetechercheuse.com\\\/en\\\/#organization\"},\"potentialAction\":[{\"@type\":\"SearchAction\",\"target\":{\"@type\":\"EntryPoint\",\"urlTemplate\":\"https:\\\/\\\/latetechercheuse.com\\\/en\\\/?s={search_term_string}\"},\"query-input\":{\"@type\":\"PropertyValueSpecification\",\"valueRequired\":true,\"valueName\":\"search_term_string\"}}],\"inLanguage\":\"en-US\"},{\"@type\":\"Organization\",\"@id\":\"https:\\\/\\\/latetechercheuse.com\\\/en\\\/#organization\",\"name\":\"La T\u00eate Chercheuse\",\"url\":\"https:\\\/\\\/latetechercheuse.com\\\/en\\\/\",\"logo\":{\"@type\":\"ImageObject\",\"inLanguage\":\"en-US\",\"@id\":\"https:\\\/\\\/latetechercheuse.com\\\/en\\\/#\\\/schema\\\/logo\\\/image\\\/\",\"url\":\"https:\\\/\\\/latetechercheuse.com\\\/wp-content\\\/uploads\\\/2024\\\/11\\\/Logo.svg\",\"contentUrl\":\"https:\\\/\\\/latetechercheuse.com\\\/wp-content\\\/uploads\\\/2024\\\/11\\\/Logo.svg\",\"width\":1,\"height\":1,\"caption\":\"La T\u00eate Chercheuse\"},\"image\":{\"@id\":\"https:\\\/\\\/latetechercheuse.com\\\/en\\\/#\\\/schema\\\/logo\\\/image\\\/\"},\"sameAs\":[\"https:\\\/\\\/www.facebook.com\\\/LaTeteChercheuse\",\"https:\\\/\\\/www.linkedin.com\\\/company\\\/la-tete-chercheuse\\\/\",\"https:\\\/\\\/www.instagram.com\\\/la.tete.chercheuse\\\/\"]},{\"@type\":\"Person\",\"@id\":\"https:\\\/\\\/latetechercheuse.com\\\/en\\\/#\\\/schema\\\/person\\\/f1e27e15d3b721edb100afe528a712dd\",\"name\":\"sophie\",\"image\":{\"@type\":\"ImageObject\",\"inLanguage\":\"en-US\",\"@id\":\"https:\\\/\\\/secure.gravatar.com\\\/avatar\\\/3622b624be23aeb4e1f33d42f270be0f139d92044f9dfbc21409dc5a7a410781?s=96&d=mm&r=g\",\"url\":\"https:\\\/\\\/secure.gravatar.com\\\/avatar\\\/3622b624be23aeb4e1f33d42f270be0f139d92044f9dfbc21409dc5a7a410781?s=96&d=mm&r=g\",\"contentUrl\":\"https:\\\/\\\/secure.gravatar.com\\\/avatar\\\/3622b624be23aeb4e1f33d42f270be0f139d92044f9dfbc21409dc5a7a410781?s=96&d=mm&r=g\",\"caption\":\"sophie\"}}]}<\/script>\n<!-- \/ Yoast SEO Premium plugin. -->","yoast_head_json":{"title":"Episode 9 \u2013 Bill 27: A Lever for Collective Well-Being - La T\u00eate Chercheuse","description":"With Mika\u00ebl Maher, Partner at Fasken, and Eric Girard, Co-founder of ent\u00eate \u2013 headfirst.","robots":{"index":"index","follow":"follow","max-snippet":"max-snippet:-1","max-image-preview":"max-image-preview:large","max-video-preview":"max-video-preview:-1"},"canonical":"https:\/\/latetechercheuse.com\/en\/episode-9-bill-27-a-lever-for-collective-well-being\/","og_locale":"en_US","og_type":"article","og_title":"Episode 9 \u2013 Bill 27: A Lever for Collective Well-Being","og_description":"With Mika\u00ebl Maher, Partner at Fasken, and Eric Girard, Co-founder of ent\u00eate \u2013 headfirst.","og_url":"https:\/\/latetechercheuse.com\/en\/episode-9-bill-27-a-lever-for-collective-well-being\/","og_site_name":"La T\u00eate Chercheuse","article_publisher":"https:\/\/www.facebook.com\/LaTeteChercheuse","article_published_time":"2026-01-22T19:06:55+00:00","article_modified_time":"2026-03-28T17:26:12+00:00","og_image":[{"width":1838,"height":1082,"url":"https:\/\/latetechercheuse.com\/wp-content\/uploads\/2026\/01\/Cover-1.png","type":"image\/png"}],"author":"sophie","twitter_card":"summary_large_image","twitter_misc":{"Written by":"sophie","Est. reading time":"2 minutes"},"schema":{"@context":"https:\/\/schema.org","@graph":[{"@type":"Article","@id":"https:\/\/latetechercheuse.com\/en\/episode-9-bill-27-a-lever-for-collective-well-being\/#article","isPartOf":{"@id":"https:\/\/latetechercheuse.com\/en\/episode-9-bill-27-a-lever-for-collective-well-being\/"},"author":{"name":"sophie","@id":"https:\/\/latetechercheuse.com\/en\/#\/schema\/person\/f1e27e15d3b721edb100afe528a712dd"},"headline":"Episode 9 \u2013 Bill 27: A Lever for Collective Well-Being","datePublished":"2026-01-22T19:06:55+00:00","dateModified":"2026-03-28T17:26:12+00:00","mainEntityOfPage":{"@id":"https:\/\/latetechercheuse.com\/en\/episode-9-bill-27-a-lever-for-collective-well-being\/"},"wordCount":168,"publisher":{"@id":"https:\/\/latetechercheuse.com\/en\/#organization"},"image":{"@id":"https:\/\/latetechercheuse.com\/en\/episode-9-bill-27-a-lever-for-collective-well-being\/#primaryimage"},"thumbnailUrl":"https:\/\/latetechercheuse.com\/wp-content\/uploads\/2026\/01\/Cover-1.png","articleSection":["\"Parlons chiffres!\" Podcast"],"inLanguage":"en-US"},{"@type":"WebPage","@id":"https:\/\/latetechercheuse.com\/en\/episode-9-bill-27-a-lever-for-collective-well-being\/","url":"https:\/\/latetechercheuse.com\/en\/episode-9-bill-27-a-lever-for-collective-well-being\/","name":"Episode 9 \u2013 Bill 27: A Lever for Collective Well-Being - La T\u00eate Chercheuse","isPartOf":{"@id":"https:\/\/latetechercheuse.com\/en\/#website"},"primaryImageOfPage":{"@id":"https:\/\/latetechercheuse.com\/en\/episode-9-bill-27-a-lever-for-collective-well-being\/#primaryimage"},"image":{"@id":"https:\/\/latetechercheuse.com\/en\/episode-9-bill-27-a-lever-for-collective-well-being\/#primaryimage"},"thumbnailUrl":"https:\/\/latetechercheuse.com\/wp-content\/uploads\/2026\/01\/Cover-1.png","datePublished":"2026-01-22T19:06:55+00:00","dateModified":"2026-03-28T17:26:12+00:00","description":"With Mika\u00ebl Maher, Partner at Fasken, and Eric Girard, Co-founder of ent\u00eate \u2013 headfirst.","breadcrumb":{"@id":"https:\/\/latetechercheuse.com\/en\/episode-9-bill-27-a-lever-for-collective-well-being\/#breadcrumb"},"inLanguage":"en-US","potentialAction":[{"@type":"ReadAction","target":["https:\/\/latetechercheuse.com\/en\/episode-9-bill-27-a-lever-for-collective-well-being\/"]}]},{"@type":"ImageObject","inLanguage":"en-US","@id":"https:\/\/latetechercheuse.com\/en\/episode-9-bill-27-a-lever-for-collective-well-being\/#primaryimage","url":"https:\/\/latetechercheuse.com\/wp-content\/uploads\/2026\/01\/Cover-1.png","contentUrl":"https:\/\/latetechercheuse.com\/wp-content\/uploads\/2026\/01\/Cover-1.png","width":1838,"height":1082},{"@type":"BreadcrumbList","@id":"https:\/\/latetechercheuse.com\/en\/episode-9-bill-27-a-lever-for-collective-well-being\/#breadcrumb","itemListElement":[{"@type":"ListItem","position":1,"name":"Home","item":"https:\/\/latetechercheuse.com\/en\/"},{"@type":"ListItem","position":2,"name":"Episode 9 \u2013 Bill 27: A Lever for Collective Well-Being"}]},{"@type":"WebSite","@id":"https:\/\/latetechercheuse.com\/en\/#website","url":"https:\/\/latetechercheuse.com\/en\/","name":"La T\u00eate Chercheuse","description":"","publisher":{"@id":"https:\/\/latetechercheuse.com\/en\/#organization"},"potentialAction":[{"@type":"SearchAction","target":{"@type":"EntryPoint","urlTemplate":"https:\/\/latetechercheuse.com\/en\/?s={search_term_string}"},"query-input":{"@type":"PropertyValueSpecification","valueRequired":true,"valueName":"search_term_string"}}],"inLanguage":"en-US"},{"@type":"Organization","@id":"https:\/\/latetechercheuse.com\/en\/#organization","name":"La T\u00eate Chercheuse","url":"https:\/\/latetechercheuse.com\/en\/","logo":{"@type":"ImageObject","inLanguage":"en-US","@id":"https:\/\/latetechercheuse.com\/en\/#\/schema\/logo\/image\/","url":"https:\/\/latetechercheuse.com\/wp-content\/uploads\/2024\/11\/Logo.svg","contentUrl":"https:\/\/latetechercheuse.com\/wp-content\/uploads\/2024\/11\/Logo.svg","width":1,"height":1,"caption":"La T\u00eate Chercheuse"},"image":{"@id":"https:\/\/latetechercheuse.com\/en\/#\/schema\/logo\/image\/"},"sameAs":["https:\/\/www.facebook.com\/LaTeteChercheuse","https:\/\/www.linkedin.com\/company\/la-tete-chercheuse\/","https:\/\/www.instagram.com\/la.tete.chercheuse\/"]},{"@type":"Person","@id":"https:\/\/latetechercheuse.com\/en\/#\/schema\/person\/f1e27e15d3b721edb100afe528a712dd","name":"sophie","image":{"@type":"ImageObject","inLanguage":"en-US","@id":"https:\/\/secure.gravatar.com\/avatar\/3622b624be23aeb4e1f33d42f270be0f139d92044f9dfbc21409dc5a7a410781?s=96&d=mm&r=g","url":"https:\/\/secure.gravatar.com\/avatar\/3622b624be23aeb4e1f33d42f270be0f139d92044f9dfbc21409dc5a7a410781?s=96&d=mm&r=g","contentUrl":"https:\/\/secure.gravatar.com\/avatar\/3622b624be23aeb4e1f33d42f270be0f139d92044f9dfbc21409dc5a7a410781?s=96&d=mm&r=g","caption":"sophie"}}]}},"_links":{"self":[{"href":"https:\/\/latetechercheuse.com\/en\/wp-json\/wp\/v2\/posts\/2564","targetHints":{"allow":["GET"]}}],"collection":[{"href":"https:\/\/latetechercheuse.com\/en\/wp-json\/wp\/v2\/posts"}],"about":[{"href":"https:\/\/latetechercheuse.com\/en\/wp-json\/wp\/v2\/types\/post"}],"author":[{"embeddable":true,"href":"https:\/\/latetechercheuse.com\/en\/wp-json\/wp\/v2\/users\/7"}],"replies":[{"embeddable":true,"href":"https:\/\/latetechercheuse.com\/en\/wp-json\/wp\/v2\/comments?post=2564"}],"version-history":[{"count":0,"href":"https:\/\/latetechercheuse.com\/en\/wp-json\/wp\/v2\/posts\/2564\/revisions"}],"wp:featuredmedia":[{"embeddable":true,"href":"https:\/\/latetechercheuse.com\/en\/wp-json\/wp\/v2\/media\/2563"}],"wp:attachment":[{"href":"https:\/\/latetechercheuse.com\/en\/wp-json\/wp\/v2\/media?parent=2564"}],"wp:term":[{"taxonomy":"category","embeddable":true,"href":"https:\/\/latetechercheuse.com\/en\/wp-json\/wp\/v2\/categories?post=2564"},{"taxonomy":"post_tag","embeddable":true,"href":"https:\/\/latetechercheuse.com\/en\/wp-json\/wp\/v2\/tags?post=2564"}],"curies":[{"name":"wp","href":"https:\/\/api.w.org\/{rel}","templated":true}]}}